{"id":33986,"date":"2022-10-06T13:28:23","date_gmt":"2022-10-06T11:28:23","guid":{"rendered":"https:\/\/www.freelancermap.com\/blog\/?p=33986"},"modified":"2024-09-25T09:16:27","modified_gmt":"2024-09-25T07:16:27","slug":"foto-profesional-perfil-freelance","status":"publish","type":"post","link":"https:\/\/www.freelancermap.com\/blog\/es\/foto-profesional-perfil-freelance\/","title":{"rendered":"Foto de perfil profesional: Consejos y Ejemplos"},"content":{"rendered":"\n<p>El primer contacto con alguien nos dice en pocos segundos si alguien nos gusta o no. En el mundo online, tu <strong>foto de perfil<\/strong> es la encargada de formar esa<strong> primera impresi\u00f3n<\/strong> que otros tienen de ti. \u00bfEntiendes por qu\u00e9 tener una<strong> foto profesional en tu perfil <\/strong>es clave para<strong> conectar con potenciales clientes<\/strong>?<\/p>\n\n\n\n<p>Por supuesto, para que los clientes te encuentren deber\u00e1s haber trabajado en tu <strong>biograf\u00eda<\/strong>, haber incluido <strong>palabras clave<\/strong> en tus perfiles freelance y en tu p\u00e1gina web, o haber ofrecido <strong>contenido de calidad<\/strong> a trav\u00e9s de tu blog.<\/p>\n\n\n\n<p>Esto es clave, pero \u00bfhas puesto tanto empe\u00f1o en la <strong>foto de perfil que acompa\u00f1a toda esta informaci\u00f3n<\/strong>? <\/p>\n\n\n\n<p><strong>\u00bfEst\u00e1s mandando el mensaje que quieres a las personas que ven tu perfil?<\/strong><\/p>\n\n\n\n<p>A continuaci\u00f3n te contamos algunos consejos sobre c\u00f3mo elegir la foto profesional adecuada para tu perfil:<\/p>\n\n\n\n<ul class=\"wp-block-list\">\n<li><a href=\"#Importancia\">La importancia de la foto de perfil<\/a><\/li>\n\n\n\n<li><a href=\"#Consejos\">\u00bfQu\u00e9 tener en cuenta a la hora de elegir tu foto de perfil?<\/a><\/li>\n\n\n\n<li><a href=\"#No\">Lo que NO debes hacer<\/a><\/li>\n\n\n\n<li><a href=\"#Guia\">Como hacer una foto profesional para tu perfil<\/a><\/li>\n\n\n\n<li><a href=\"#Precios\">\u00bfCu\u00e1nto cuesta una foto profesional?<\/a><\/li>\n\n\n\n<li><a href=\"#Ejemplos\">Ejemplos reales de fotos profesionales<\/a><\/li>\n<\/ul>\n\n\n\n<div class=\"wp-block-group has-background\" style=\"background-color:#b1c3b7\"><div class=\"wp-block-group__inner-container is-layout-constrained wp-block-group-is-layout-constrained\">\n<p class=\"has-text-align-center has-background\" style=\"background-color:#b1c3b7;font-size:18px\">\u00a1\u00danete a nuestra red de freelancers! <br>Perfil gratuito y 0% de comisiones sobre los proyectos.<\/p>\n\n\n<div class=\"su-button-center\"><a href=\"https:\/\/www.freelancermap.com\/registration?ref=blog-es-foto-de-perfil-profesional\" class=\"su-button su-button-style-default\" style=\"color:#222222;background-color:#FCF2DB;border-color:#cac2b0;border-radius:20px\" target=\"_self\"><span style=\"color:#222222;padding:0px 20px;font-size:16px;line-height:32px;border-color:#fdf6e6;border-radius:20px;text-shadow:none\"> <strong>Reg\u00edstrate ahora<\/strong><\/span><\/a><\/div><\/br><\/p>\n<\/div><\/div>\n\n\n\n<h2 class=\"wp-block-heading\" id=\"Importancia\">Tu foto de perfil es la primera impresi\u00f3n en el mundo online<\/h2>\n\n\n\n<p>Hay numerosos estudios que dicen que el primer contacto con una persona desconocida es determinante en la idea que nos formamos de ella.<\/p>\n\n\n\n<p>Alexander Todorov, profesor de la Universidad de Princeton, dice en una <a href=\"https:\/\/www.bmw.com\/es\/innovation\/la-importancia-de-la-primera-impresion.html\" target=\"_blank\" rel=\"noreferrer noopener\" aria-label=\" (opens in a new tab)\">entrevista<\/a>: <\/p>\n\n\n\n<p><strong><em>\u201cSi miramos a alguien durante menos de una d\u00e9cima de segundo ya podemos recabar la \u00abinformaci\u00f3n\u00bb necesaria para hacernos una idea de c\u00f3mo es esa persona\u201d<\/em><\/strong>.<\/p>\n\n\n\n<p>Esto funciona en cualquier \u00e1mbito de la vida y da igual que nos encontremos en una reuni\u00f3n de trabajo, en el parque con nuestros hijos o comprando en el supermercado.<\/p>\n\n\n\n<p>Como freelancer, <strong>tu foto de perfil es un elemento clave de tu marca personal<\/strong>.<\/p>\n\n\n\n<p>Tener un logotipo para tus facturas y unas tarjetas de visita con tu marca ser\u00e1 importante, pero una imagen profesional de ti mismo te ayudar\u00e1 a conectar con los clientes de una forma m\u00e1s personal.<\/p>\n\n\n\n<p>Aunque despu\u00e9s tus conocimientos y aptitudes ser\u00e1n clave, esta primera conexi\u00f3n con el cliente mejorar\u00e1 la <strong>confianza<\/strong>.<\/p>\n\n\n\n<p>\u00bfQui\u00e9n es la persona que est\u00e1 detr\u00e1s de ese dise\u00f1o? \u00bfQui\u00e9n ha desarrollado esa web tan agradable de utilizar? \u00bfEntiendes?<\/p>\n\n\n\n<p>Adem\u00e1s, les ser\u00e1 <strong>m\u00e1s sencillo reconocerte<\/strong> si te ven en alg\u00fan sitio.<\/p>\n\n\n\n<p>Parece una tonter\u00eda, pero quiz\u00e1s en el primer contacto no fuiste el freelance seleccionado, pero cuando te vuelven a ver interaccionando y compartiendo tu punto de vista en un post de LinkedIn les encajas para un nuevo proyecto.<\/p>\n\n\n\n<p>Tener una <strong>foto profesional<\/strong> hoy en d\u00eda no es dif\u00edcil e incluso se pueden <strong>hacer fotos profesionales en casa con un celular<\/strong>. Te contamos m\u00e1s adelante c\u00f3mo conseguir tu foto profesional.<\/p>\n\n\n\n<h2 class=\"wp-block-heading\" id=\"Consejos\">\u00bfQu\u00e9 tener en cuenta a la hora de elegir tu foto de perfil?<\/h2>\n\n\n\n<p>Piensa que una foto puede dar much\u00edsima informaci\u00f3n sobre ti y que tu tienes el <strong>poder de usar esa informaci\u00f3n<\/strong> y el mensaje que quieres mandar como tu quieras.&nbsp;<\/p>\n\n\n\n<p>Para ello tendr\u00e1s que decidir y prestar atenci\u00f3n a ciertos detalles:<\/p>\n\n\n\n<ul class=\"wp-block-list\">\n<li><strong>Posici\u00f3n del cuerpo<\/strong>: Nuestra postura dice mucho de nosotros tambi\u00e9n. No hay que ser experto en lenguaje corporal para entender que alguien cabizbajo y con los hombros ca\u00eddos no est\u00e1 tan dispuesto a hablar con nosotros que alguien con los brazos abiertos y echado para adelante. (<strong>Consejo<\/strong>: Inclina la cabeza ligeramente hacia un lado)<\/li>\n\n\n\n<li><strong>Vestimenta:<\/strong> Tendr\u00e1s que arreglarte de acuerdo a como quieras representar a tu negocio. La etapa del traje y corbata seguramente ha pasado a la historia en muchas industrias, pero igualmente tendr\u00e1s que pensar en que tu ropa y complementos est\u00e9n alineados con tu <strong>imagen de marca personal<\/strong>. Piensa <strong>c\u00f3mo vestirte para atraer la atenci\u00f3n de los clientes que importan<\/strong>.<\/li>\n\n\n\n<li><strong>Primer plano:<\/strong> Tendr\u00e1s tambi\u00e9n que pensar si est\u00e1s a gusto con un primer plano o si necesitas un poco m\u00e1s de distancia entre tu cara y la c\u00e1mara. En cualquier caso, ser\u00e1 clave que <strong>se te pueda reconocer bien<\/strong>.<\/li>\n\n\n\n<li><strong>Localizaci\u00f3n:<\/strong> Si tienes tu oficina en casa, puedes plantearte hacerla all\u00ed, o quiz\u00e1s quieres que tus potenciales clientes vean que trabajas en una oficina de coworking.<\/li>\n\n\n\n<li><strong>Fondo liso:<\/strong> Quiz\u00e1s prefieres que tu foto no tenga ning\u00fan fondo concreto, simplemente un fondo blanco, gris o de otro color. Esto tambi\u00e9n es una opci\u00f3n y existen herramientas que te permiten eliminar el fondo de una foto como <a aria-label=\"remove.bg (opens in a new tab)\" href=\"https:\/\/www.remove.bg\/\" target=\"_blank\" rel=\"noreferrer noopener\">remove.bg<\/a> o <a aria-label=\" (opens in a new tab)\" href=\"https:\/\/www.photoroom.com\/\" target=\"_blank\" rel=\"noreferrer noopener\">PhotoRoom<\/a>.<\/li>\n\n\n\n<li><strong>Qu\u00e9 quieres transmitir:<\/strong> Hay ciertos<strong> adjetivos <\/strong>que te gustar\u00eda que un potencial cliente entendiera de tu imagen. Haz una lista de ellos y \u00e9sta te ayudar\u00e1 a definir todos los puntos anteriores. Algunos adjetivos podr\u00edan ser: <strong>Exclusividad, flexible, moderno, con compromiso, profesional<\/strong>, <strong>etc.<\/strong><\/li>\n\n\n\n<li><strong>Calidad: <\/strong>Todas tus fotos deben ser <strong>n\u00edtidas y tener buena resoluci\u00f3n<\/strong>. No hay nada peor que las im\u00e1genes pixeladas o desenfocadas en las redes sociales, sobre todo si hablamos de alguien que se vende como profesional.<\/li>\n\n\n\n<li><strong>Iluminaci\u00f3n:<\/strong> No hay mejor iluminaci\u00f3n que la natural. Plantea fotografiar a primera hora de la ma\u00f1ana o a media tarde, cuando el sol no es tan fuerte.<\/li>\n<\/ul>\n\n\n\n<figure class=\"wp-block-image size-large\"><img decoding=\"async\" width=\"1024\" height=\"768\" data-src=\"https:\/\/www.freelancermap.com\/blog\/wp-content\/uploads\/2022\/10\/consejos-foto-profesional-perfil-freelance.png\" alt=\"Consejos para conseguir una foto profesional para tu perfil freelance\" class=\"wp-image-34812 lazyload\" data-srcset=\"https:\/\/www.freelancermap.com\/blog\/wp-content\/uploads\/2022\/10\/consejos-foto-profesional-perfil-freelance.png 1024w, https:\/\/www.freelancermap.com\/blog\/wp-content\/uploads\/2022\/10\/consejos-foto-profesional-perfil-freelance-300x225.png 300w, https:\/\/www.freelancermap.com\/blog\/wp-content\/uploads\/2022\/10\/consejos-foto-profesional-perfil-freelance-768x576.png 768w, https:\/\/www.freelancermap.com\/blog\/wp-content\/uploads\/2022\/10\/consejos-foto-profesional-perfil-freelance-720x540.png 720w, https:\/\/www.freelancermap.com\/blog\/wp-content\/uploads\/2022\/10\/consejos-foto-profesional-perfil-freelance-580x435.png 580w, https:\/\/www.freelancermap.com\/blog\/wp-content\/uploads\/2022\/10\/consejos-foto-profesional-perfil-freelance-320x240.png 320w\" data-sizes=\"(max-width: 1024px) 100vw, 1024px\" src=\"data:image\/svg+xml;base64,PHN2ZyB3aWR0aD0iMSIgaGVpZ2h0PSIxIiB4bWxucz0iaHR0cDovL3d3dy53My5vcmcvMjAwMC9zdmciPjwvc3ZnPg==\" style=\"--smush-placeholder-width: 1024px; --smush-placeholder-aspect-ratio: 1024\/768;\" \/><\/figure>\n\n\n\n<h2 class=\"wp-block-heading\" id=\"No\">Lo que NO debes hacer<\/h2>\n\n\n\n<h3 class=\"wp-block-heading\">1. \u00a1Nada de selfies!<\/h3>\n\n\n\n<p>Una foto tuya en una fiesta de amigos o usando un palo de selfie no es una buena opci\u00f3n para tus redes profesionales. Todos hacemos <strong>selfies de vacaciones o para mandar a la familia<\/strong>, pero <strong>no es una foto profesional<\/strong>.<\/p>\n\n\n\n<p>Para hacer fotos con aspecto de estudio, recuerda que puedes ayudarte de un tr\u00edpode o p\u00eddele a alguien (con paciencia) que te eche una mano con esto.<\/p>\n\n\n\n<h3 class=\"wp-block-heading\">2. Fotos de eventos no profesionales<\/h3>\n\n\n\n<p>La gente asociar\u00e1 tu foto de perfil y su atm\u00f3sfera con tu trabajo. Esto significa que tu objetivo es encontrar la mejor foto posible que encaje con tu trabajo. <\/p>\n\n\n\n<p>Es decir, nada de publicar fotos de la boda de tu t\u00eda o de la despedida de soltera de tu mejor amiga. Estamos usando ejemplos exagerados, obvio, pero es para dejar clara la idea.<\/p>\n\n\n\n<p class=\"has-background\" style=\"background-color:#f3f3f3\">Foto en una feria del sector \u2705 | Foto en la boda de tu amiga \u274c<\/p>\n\n\n\n<h3 class=\"wp-block-heading\">3. Fotos tomadas desde lejos<\/h3>\n\n\n\n<p>Piensa que tu <strong>foto profesional<\/strong> debe mostrar tu persona y al final nos va  a recordar a las <strong>fotos que incluir\u00edamos en un CV<\/strong> que enviar\u00edamos a RR.HH. <\/p>\n\n\n\n<p>Si insertas en tu perfil una foto en la que no se te reconoce o que est\u00e1 tan lejos que no se te ve la cara, puedes dar la impresi\u00f3n de que no quieres que la gente te encuentre y\/o reconozca.<\/p>\n\n\n\n<p>Los que no se ven no se recuerdan, pero m\u00e1s que eso: \u00bfpor qu\u00e9 te vas a esconder? <\/p>\n\n\n\n<p>La <strong>confianza tambi\u00e9n se construye con estos peque\u00f1os detalles<\/strong>.<\/p>\n\n\n\n<h3 class=\"wp-block-heading\">4. Hacer por hacer<\/h3>\n\n\n\n<p>No publiques algo por el simple hecho de publicar sin tomarte el tiempo necesario en elegir la mejor opci\u00f3n.<\/p>\n\n\n\n<p>La idea no es que elijas una foto a prisa y corriendo, que no sea de calidad, est\u00e9 borrosa o mil cosas m\u00e1s. <\/p>\n\n\n\n<p>Elige un <strong>d\u00eda que est\u00e9s de buen humor<\/strong> y especialmente animado, porque esto se <strong>transmitir\u00e1 en la foto<\/strong>. Guarda unas horas para tomar unas cuantas fotos de perfil, sin prisa.&nbsp;<\/p>\n\n\n\n<h2 class=\"wp-block-heading\" id=\"Guia\">C\u00f3mo hacer una foto profesional para tu perfil<\/h2>\n\n\n\n<p>Ahora que ya hemos visto unos cuantos consejos sobre lo que tienes que tener en cuenta si quieres tener una foto de perfil profesional, es hora de pasar a la acci\u00f3n. <\/p>\n\n\n\n<p>\u00bfC\u00f3mo consigues esa foto de perfil ideal? Estas son las 2 opciones m\u00e1s claras:<\/p>\n\n\n\n<h3 class=\"wp-block-heading\">1. Contrata a un fot\u00f3grafo para tu foto profesional<\/h3>\n\n\n\n<p>S\u00ed, sabemos que llamar a un amigo para que te haga unas fotos es m\u00e1s barato, pero s\u00f3lo un <strong>fot\u00f3grafo profesional ser\u00e1 capaz de captar tu personalidad<\/strong> con unos pocos clics. Puede parecer una exageraci\u00f3n, pero no lo es: como en todos los campos, s\u00f3lo los expertos pueden ofrecer resultados que destacan.<\/p>\n\n\n\n<p>El fot\u00f3grafo te <strong>preguntar\u00e1 acerca del sector en el que trabajas<\/strong>, tambi\u00e9n te <strong>preguntar\u00e1 por tu cliente ideal<\/strong>, etc. Y tras asesorarte, pasar\u00e1 a la acci\u00f3n.<\/p>\n\n\n\n<p>Los fot\u00f3grafos saben si tu postura es buena, cu\u00e1l es el mejor \u00e1ngulo para realzar tu rostro, o si tu sonrisa se nota forzada y tambi\u00e9n encuentran la mejor luz. <\/p>\n\n\n\n<p>Con esta direcci\u00f3n t\u00e9cnica, conseguir\u00e1s una mejor foto de perfil para promocionar tu trabajo.<\/p>\n\n\n\n<h3 class=\"wp-block-heading\">2. Fotos profesionales en casa<\/h3>\n\n\n\n<p>L\u00f3gicamente, no todos van a poder pagar por tener esta calidad (por lo menos al principio). As\u00ed que no desesperes, tambi\u00e9n existe la opci\u00f3n de <strong>hacer fotos profesionales desde casa<\/strong>. <\/p>\n\n\n\n<p>\u00bfC\u00f3mo? La mayor\u00eda de los m\u00f3viles tienen ya c\u00e1maras de una buena calidad que te permitir\u00e1n <strong>sacar fotos de calidad<\/strong>.<\/p>\n\n\n\n<p>Por supuesto, si tienes una c\u00e1mara r\u00e9flex, tambi\u00e9n puedes aprovechar y utilizarla.<\/p>\n\n\n\n<p>Al hacer tu mismo <strong>tu foto de perfil<\/strong>, tendr\u00e1s que prestar atenci\u00f3n a todos los detalles tu mismo. Aqu\u00ed nuestros consejos:<\/p>\n\n\n\n<h4 class=\"wp-block-heading\">#1 Aseg\u00farate de que la c\u00e1mara est\u00e1 limpia<\/h4>\n\n\n\n<p>Esto ser\u00e1 lo primero que deber\u00e1s comprobar, ya que sin una <strong>c\u00e1mara limpia<\/strong>, da igual lo que te esfuerces en hacer bien tu <strong>foto profesional<\/strong>, no lo ser\u00e1.<\/p>\n\n\n\n<p>Utilizamos el m\u00f3vil en el d\u00eda a d\u00eda y no estar\u00e1 de m\u00e1s limpiarla antes de empezar la sesi\u00f3n. Utiliza un trozo de tela de algod\u00f3n limpio.<\/p>\n\n\n\n<h4 class=\"wp-block-heading\">#2 Utiliza un tr\u00edpode o soporte<\/h4>\n\n\n\n<p>Utilizar una base fija nos asegurar\u00e1 una <strong>foto m\u00e1s n\u00edtida<\/strong>. Existen tr\u00edpodes para smartphones muy asequibles y si no siempre puedes utilizar algo que tengas por casa que funcione de apoyo.<\/p>\n\n\n\n<h4 class=\"wp-block-heading\">#2 Utiliza el temporizador<\/h4>\n\n\n\n<p>Si est\u00e1s solo a la hora de hacer la foto puedes utilizar el temporizador o timer de tu tel\u00e9fono para ir a colocarte en el punto donde quieras posar. <\/p>\n\n\n\n<p>Puedes echar una foto de prueba y marcar de alguna forma el sitio donde te tiene que colocar para hacer tu foto.<\/p>\n\n\n\n<h4 class=\"wp-block-heading\">#3 Utiliza la cuadr\u00edcula<\/h4>\n\n\n\n<p>Utilizar la gu\u00eda en la foto te ayudar\u00e1 a <strong>encuadrarla<\/strong> y a sacar partido a la <strong>regla de los tercios<\/strong>. La regla de los tercios nos dice los <strong>puntos en los que las personas miran<\/strong> inconscientemente al mirar una foto.<\/p>\n\n\n\n<p>\u00bfCu\u00e1les son estos puntos? <\/p>\n\n\n\n<p>Divide tu foto con dos l\u00edneas verticales y dos horizontales. Tu imagen quedar\u00e1 dividida en 9 cuadrados. Los puntos de cruce entre las l\u00edneas ser\u00e1n los puntos en los que <strong>deber\u00e1s cuadrar lo m\u00e1s importante<\/strong>, ya que es all\u00ed donde va nuestra atenci\u00f3n involuntariamente.<\/p>\n\n\n\n<h4 class=\"wp-block-heading\">#4 HDR&nbsp;<\/h4>\n\n\n\n<p>Los \u00faltimos dispositivos m\u00f3viles tienen un <strong>modo de alta resoluci\u00f3n<\/strong> que autom\u00e1ticamente <strong>mejora la imagen si es necesario<\/strong>. Tambi\u00e9n puedes aprovechar estos avances para mejorar la calidad de tu foto de perfil.<\/p>\n\n\n\n<h4 class=\"wp-block-heading\">#5 Saca provecho de la luz natural<\/h4>\n\n\n\n<p>En el caso de una <strong>foto profesional para tu perfil<\/strong>, tendr\u00e1s que evitar tener una gran luz detr\u00e1s tuyo que haga que aparezcas muy oscuro, por ejemplo. <\/p>\n\n\n\n<p>Mira en funci\u00f3n de la localizaci\u00f3n elegida y las horas de sol de tu ciudad, cuando ser\u00eda la mejor hora para sacar la foto con luz natural.<\/p>\n\n\n\n<p class=\"has-background\" style=\"background-color:#f3f3f3\"><strong>Consejo: <\/strong>\u00bfQuieres saber si tu foto dice lo que tiene que decir? Sube tu foto de perfil a <a rel=\"noreferrer noopener\" aria-label=\" (opens in a new tab)\" href=\"https:\/\/www.photofeeler.com\/\" target=\"_blank\">Photofeeler<\/a>, una aplicaci\u00f3n en la que personas reales te dir\u00e1n lo que sienten al ver tu foto. <\/p>\n\n\n\n<h2 class=\"wp-block-heading\" id=\"Precios\">\u00bfCu\u00e1nto cuesta una foto profesional?<\/h2>\n\n\n\n<p>Dependiendo del m\u00e9todo que elijas para hacer tu foto de perfil, deber\u00e1s pagar m\u00e1s o menos.<\/p>\n\n\n\n<p>A modo orientativo esto ser\u00eda lo que <strong>podr\u00eda costarte tu foto de perfil<\/strong>:<\/p>\n\n\n\n<figure class=\"wp-block-table\"><table><tbody><tr><td>Foto hecha en casa<\/td><td>0 \u20ac<\/td><\/tr><tr><td>Foto de pasaporte cl\u00e1sica<\/td><td>1\u20ac &#8211; 15\u20ac<\/td><\/tr><tr><td>Foto de fot\u00f3grafo profesional<\/td><td>50\u20ac &#8211; 200 \u20ac<\/td><\/tr><\/tbody><\/table><\/figure>\n\n\n\n<p>Por supuesto, un fot\u00f3grafo profesional con m\u00e1s experiencia, cobrar\u00e1 m\u00e1s que uno que acabe de empezar. De igual manera, los precios cambiar\u00e1n por pa\u00eds, y tambi\u00e9n del producto entregado. Van a entregarte una o m\u00e1s fotos, tienen que editarlas, etc. <\/p>\n\n\n\n<h2 class=\"wp-block-heading\" id=\"Ejemplos\">Ejemplos de fotos de perfil profesionales<\/h2>\n\n\n\n<p>Hemos seleccionado unos cuantos <strong>perfiles de freelancers<\/strong> listados en freelancermap, para darte unos ejemplos reales de profesionales que han entendido la <strong>importancia de su foto de perfil<\/strong>.<\/p>\n\n\n\n<p>Adem\u00e1s, hemos elegido profesionales en distintos sectores para que veas tambi\u00e9n diferentes puntos de vista:<\/p>\n\n\n\n<h3 class=\"wp-block-heading\">Profesional y cl\u00e1sico<\/h3>\n\n\n\n<figure class=\"wp-block-image size-large\"><a href=\"https:\/\/www.freelancermap.com\/freelancers-directory\/profile\/development\/192233-profil-fernando-caama-o-blanco-microstrategy-certified-consultant-analytics-bi-expert.html\"><img decoding=\"async\" width=\"1024\" height=\"412\" data-src=\"https:\/\/www.freelancermap.com\/blog\/wp-content\/uploads\/2022\/10\/perfil-freelance-ejemplo-foto-profesional-consultor-bi-1024x412.png\" alt=\"Ejemplo de foto profiesional consultor\" class=\"wp-image-34800 lazyload\" data-srcset=\"https:\/\/www.freelancermap.com\/blog\/wp-content\/uploads\/2022\/10\/perfil-freelance-ejemplo-foto-profesional-consultor-bi-1024x412.png 1024w, https:\/\/www.freelancermap.com\/blog\/wp-content\/uploads\/2022\/10\/perfil-freelance-ejemplo-foto-profesional-consultor-bi-300x121.png 300w, https:\/\/www.freelancermap.com\/blog\/wp-content\/uploads\/2022\/10\/perfil-freelance-ejemplo-foto-profesional-consultor-bi-768x309.png 768w, https:\/\/www.freelancermap.com\/blog\/wp-content\/uploads\/2022\/10\/perfil-freelance-ejemplo-foto-profesional-consultor-bi-720x289.png 720w, https:\/\/www.freelancermap.com\/blog\/wp-content\/uploads\/2022\/10\/perfil-freelance-ejemplo-foto-profesional-consultor-bi-580x233.png 580w, https:\/\/www.freelancermap.com\/blog\/wp-content\/uploads\/2022\/10\/perfil-freelance-ejemplo-foto-profesional-consultor-bi-320x129.png 320w, https:\/\/www.freelancermap.com\/blog\/wp-content\/uploads\/2022\/10\/perfil-freelance-ejemplo-foto-profesional-consultor-bi.png 1398w\" data-sizes=\"(max-width: 1024px) 100vw, 1024px\" src=\"data:image\/svg+xml;base64,PHN2ZyB3aWR0aD0iMSIgaGVpZ2h0PSIxIiB4bWxucz0iaHR0cDovL3d3dy53My5vcmcvMjAwMC9zdmciPjwvc3ZnPg==\" style=\"--smush-placeholder-width: 1024px; --smush-placeholder-aspect-ratio: 1024\/412;\" \/><\/a><\/figure>\n\n\n\n<p>Fernando ha elegido una foto sonriendo, con americana y camisa. Una combinaci\u00f3n cl\u00e1sica que no puede fallar trabajando como consultor.<\/p>\n\n\n\n<h3 class=\"wp-block-heading\">Naturalidad<\/h3>\n\n\n\n<figure class=\"wp-block-image size-large\"><a href=\"https:\/\/www.freelancermap.com\/freelancers-directory\/freelancer-profiles\/development\/99325-profil-ruben-exposito-marin-senior-ios-developer-aus-puerto-real.html\"><img decoding=\"async\" width=\"1024\" height=\"477\" data-src=\"https:\/\/www.freelancermap.com\/blog\/wp-content\/uploads\/2022\/10\/perfil-freelance-ejemplo-foto-profesional-desarrollador-ios-1024x477.png\" alt=\"Desarrollador foto profesional ejemplo\" class=\"wp-image-34799 lazyload\" data-srcset=\"https:\/\/www.freelancermap.com\/blog\/wp-content\/uploads\/2022\/10\/perfil-freelance-ejemplo-foto-profesional-desarrollador-ios-1024x477.png 1024w, https:\/\/www.freelancermap.com\/blog\/wp-content\/uploads\/2022\/10\/perfil-freelance-ejemplo-foto-profesional-desarrollador-ios-300x140.png 300w, https:\/\/www.freelancermap.com\/blog\/wp-content\/uploads\/2022\/10\/perfil-freelance-ejemplo-foto-profesional-desarrollador-ios-768x358.png 768w, https:\/\/www.freelancermap.com\/blog\/wp-content\/uploads\/2022\/10\/perfil-freelance-ejemplo-foto-profesional-desarrollador-ios-720x335.png 720w, https:\/\/www.freelancermap.com\/blog\/wp-content\/uploads\/2022\/10\/perfil-freelance-ejemplo-foto-profesional-desarrollador-ios-580x270.png 580w, https:\/\/www.freelancermap.com\/blog\/wp-content\/uploads\/2022\/10\/perfil-freelance-ejemplo-foto-profesional-desarrollador-ios-320x149.png 320w, https:\/\/www.freelancermap.com\/blog\/wp-content\/uploads\/2022\/10\/perfil-freelance-ejemplo-foto-profesional-desarrollador-ios.png 1267w\" data-sizes=\"(max-width: 1024px) 100vw, 1024px\" src=\"data:image\/svg+xml;base64,PHN2ZyB3aWR0aD0iMSIgaGVpZ2h0PSIxIiB4bWxucz0iaHR0cDovL3d3dy53My5vcmcvMjAwMC9zdmciPjwvc3ZnPg==\" style=\"--smush-placeholder-width: 1024px; --smush-placeholder-aspect-ratio: 1024\/477;\" \/><\/a><\/figure>\n\n\n\n<p>La foto de perfil de Rub\u00e9n es m\u00e1s natural. En ella podemos ver el mar de fondo, seguramente la playa de Puerto Real en C\u00e1diz. Su casa, desde la que sin duda se siente feliz trabajando como desarrollador de aplicaciones.<\/p>\n\n\n\n<h3 class=\"wp-block-heading\">Profesional y natural<\/h3>\n\n\n\n<figure class=\"wp-block-image size-large\"><a href=\"https:\/\/www.freelancermap.com\/freelancers-directory\/freelancer-profiles\/it\/369543-profil-big-data-analytics-data-science-machine-learning-engineering-spark-time-series-zeitreihen.html\"><img decoding=\"async\" width=\"1024\" height=\"394\" data-src=\"https:\/\/www.freelancermap.com\/blog\/wp-content\/uploads\/2022\/10\/perfil-freelance-ejemplo-foto-profesional-cientifico-de-datos-1024x394.png\" alt=\"Ejemplo foto profesional freelance big data\" class=\"wp-image-34801 lazyload\" data-srcset=\"https:\/\/www.freelancermap.com\/blog\/wp-content\/uploads\/2022\/10\/perfil-freelance-ejemplo-foto-profesional-cientifico-de-datos-1024x394.png 1024w, https:\/\/www.freelancermap.com\/blog\/wp-content\/uploads\/2022\/10\/perfil-freelance-ejemplo-foto-profesional-cientifico-de-datos-300x116.png 300w, https:\/\/www.freelancermap.com\/blog\/wp-content\/uploads\/2022\/10\/perfil-freelance-ejemplo-foto-profesional-cientifico-de-datos-768x296.png 768w, https:\/\/www.freelancermap.com\/blog\/wp-content\/uploads\/2022\/10\/perfil-freelance-ejemplo-foto-profesional-cientifico-de-datos-720x277.png 720w, https:\/\/www.freelancermap.com\/blog\/wp-content\/uploads\/2022\/10\/perfil-freelance-ejemplo-foto-profesional-cientifico-de-datos-580x223.png 580w, https:\/\/www.freelancermap.com\/blog\/wp-content\/uploads\/2022\/10\/perfil-freelance-ejemplo-foto-profesional-cientifico-de-datos-320x123.png 320w, https:\/\/www.freelancermap.com\/blog\/wp-content\/uploads\/2022\/10\/perfil-freelance-ejemplo-foto-profesional-cientifico-de-datos.png 1387w\" data-sizes=\"(max-width: 1024px) 100vw, 1024px\" src=\"data:image\/svg+xml;base64,PHN2ZyB3aWR0aD0iMSIgaGVpZ2h0PSIxIiB4bWxucz0iaHR0cDovL3d3dy53My5vcmcvMjAwMC9zdmciPjwvc3ZnPg==\" style=\"--smush-placeholder-width: 1024px; --smush-placeholder-aspect-ratio: 1024\/394;\" \/><\/a><\/figure>\n\n\n\n<p>Un punto entre medio de las fotos anteriores podr\u00eda ser la foto de perfil de este freelancer. En este caso, se ha elegido una camisa como vestimenta, una sonrisa y un fondo arbolado y natural para su foto de perfil.<\/p>\n\n\n\n<h3 class=\"wp-block-heading\">Destacar con color<\/h3>\n\n\n\n<figure class=\"wp-block-image size-large\"><a href=\"https:\/\/www.freelancermap.com\/freelancers-directory\/freelancer-profiles\/graphics-content-media\/239602-profil-jan-kutschera-seo-content-marketing-spezialist-inbound-marketing-berater-produkt-launch-berater-aus-paphos.html\"><img decoding=\"async\" width=\"1024\" height=\"427\" data-src=\"https:\/\/www.freelancermap.com\/blog\/wp-content\/uploads\/2022\/10\/perfil-freelance-ejemplo-SEO-consultant-1024x427.png\" alt=\"Ejemplo de foto de perfil freelance en marketing online\" class=\"wp-image-34802 lazyload\" data-srcset=\"https:\/\/www.freelancermap.com\/blog\/wp-content\/uploads\/2022\/10\/perfil-freelance-ejemplo-SEO-consultant-1024x427.png 1024w, https:\/\/www.freelancermap.com\/blog\/wp-content\/uploads\/2022\/10\/perfil-freelance-ejemplo-SEO-consultant-300x125.png 300w, https:\/\/www.freelancermap.com\/blog\/wp-content\/uploads\/2022\/10\/perfil-freelance-ejemplo-SEO-consultant-768x320.png 768w, https:\/\/www.freelancermap.com\/blog\/wp-content\/uploads\/2022\/10\/perfil-freelance-ejemplo-SEO-consultant-720x300.png 720w, https:\/\/www.freelancermap.com\/blog\/wp-content\/uploads\/2022\/10\/perfil-freelance-ejemplo-SEO-consultant-580x242.png 580w, https:\/\/www.freelancermap.com\/blog\/wp-content\/uploads\/2022\/10\/perfil-freelance-ejemplo-SEO-consultant-320x133.png 320w, https:\/\/www.freelancermap.com\/blog\/wp-content\/uploads\/2022\/10\/perfil-freelance-ejemplo-SEO-consultant.png 1342w\" data-sizes=\"(max-width: 1024px) 100vw, 1024px\" src=\"data:image\/svg+xml;base64,PHN2ZyB3aWR0aD0iMSIgaGVpZ2h0PSIxIiB4bWxucz0iaHR0cDovL3d3dy53My5vcmcvMjAwMC9zdmciPjwvc3ZnPg==\" style=\"--smush-placeholder-width: 1024px; --smush-placeholder-aspect-ratio: 1024\/427;\" \/><\/a><\/figure>\n\n\n\n<p>En su foto de perfil, Jan se atreve con toques de color. Sin duda este fondo en color rojo, har\u00e1 que su foto llame la atenci\u00f3n cuando su perfil est\u00e9 en listados con otros freelancers. <\/p>\n\n\n\n<p>Este es un claro ejemplo de que en un sector como el marketing online, no hace falta presentarse con un traje. Jan muestra con su foto que es atrevido y que est\u00e1 a la \u00faltima, \u00bfte has fijado en sus airpods?.<\/p>\n\n\n\n<h3 class=\"wp-block-heading\">Potenciar lo m\u00e1s <strong>caracter\u00edstico<\/strong><\/h3>\n\n\n\n<figure class=\"wp-block-image size-large\"><a href=\"https:\/\/www.freelancermap.com\/freelancers-directory\/freelancer-profiles\/development\/91703-profil-luis-faus-award-winning-freelance-art-design-director-team-leader-logo-branding-expert-web-design-aus-port-of-sagunt.html\"><img decoding=\"async\" width=\"1024\" height=\"369\" data-src=\"https:\/\/www.freelancermap.com\/blog\/wp-content\/uploads\/2022\/10\/perfil-freelance-ejemplo-foto-profesional-dise\u00f1ador-1024x369.png\" alt=\"Foto de perfil freelancer dise\u00f1ador web\" class=\"wp-image-34803 lazyload\" data-srcset=\"https:\/\/www.freelancermap.com\/blog\/wp-content\/uploads\/2022\/10\/perfil-freelance-ejemplo-foto-profesional-dise\u00f1ador-1024x369.png 1024w, https:\/\/www.freelancermap.com\/blog\/wp-content\/uploads\/2022\/10\/perfil-freelance-ejemplo-foto-profesional-dise\u00f1ador-300x108.png 300w, https:\/\/www.freelancermap.com\/blog\/wp-content\/uploads\/2022\/10\/perfil-freelance-ejemplo-foto-profesional-dise\u00f1ador-768x277.png 768w, https:\/\/www.freelancermap.com\/blog\/wp-content\/uploads\/2022\/10\/perfil-freelance-ejemplo-foto-profesional-dise\u00f1ador-720x259.png 720w, https:\/\/www.freelancermap.com\/blog\/wp-content\/uploads\/2022\/10\/perfil-freelance-ejemplo-foto-profesional-dise\u00f1ador-580x209.png 580w, https:\/\/www.freelancermap.com\/blog\/wp-content\/uploads\/2022\/10\/perfil-freelance-ejemplo-foto-profesional-dise\u00f1ador-320x115.png 320w, https:\/\/www.freelancermap.com\/blog\/wp-content\/uploads\/2022\/10\/perfil-freelance-ejemplo-foto-profesional-dise\u00f1ador.png 1433w\" data-sizes=\"(max-width: 1024px) 100vw, 1024px\" src=\"data:image\/svg+xml;base64,PHN2ZyB3aWR0aD0iMSIgaGVpZ2h0PSIxIiB4bWxucz0iaHR0cDovL3d3dy53My5vcmcvMjAwMC9zdmciPjwvc3ZnPg==\" style=\"--smush-placeholder-width: 1024px; --smush-placeholder-aspect-ratio: 1024\/369;\" \/><\/a><\/figure>\n\n\n\n<p>El dise\u00f1ador Luis apuesta con un retrato de primera plana que se queda en nuestra memoria. \u00bfQu\u00e9 me dices de ese bigote que nos recuerda al mism\u00edsimo Dal\u00ed?<\/p>\n\n\n\n<p class=\"has-text-align-center has-background\" style=\"background-color:#f3f3f3;font-size:18px\"><strong>\u00bfQuieres inspirarte en las fotos de m\u00e1s freelancers?<\/strong><br><br><a href=\"https:\/\/www.freelancermap.com\/freelancers-directory.html\">40.000+ perfiles freelance<\/a> \ud83d\udc68\u200d\ud83d\udcbb<\/p>\n\n\n\n<p>Como puedes ver, conseguir una foto de perfil profesional que destaque entre otros freelancers puede ser muy diferente. Con estas ideas en mente, piensa en que quieres mostrar a tu cliente ideal y ponte con ello.<\/p>\n\n\n\n<p><em>Haz diferentes pruebas hasta que encuentres ese retrato que te representa y util\u00edzalo en todos tus perfiles sociales, CV y otros documentos profesionales.<\/em><\/p>\n\n\n\n<figure class=\"wp-block-image size-full\"><a href=\"https:\/\/www.freelancermap.com\/registration?ref=blog-es-foto-de-perfil-profesional\"><img decoding=\"async\" width=\"1024\" height=\"297\" data-src=\"https:\/\/www.freelancermap.com\/blog\/wp-content\/uploads\/2024\/05\/cta-blog-spanish-freelancermap-sign-up.png\" alt=\"\u00bfBuscas proyectos como freelance? Inscr\u00edbete de forma gratuita y consigue proyectos sin pagar comisiones\" class=\"wp-image-43081 lazyload\" data-srcset=\"https:\/\/www.freelancermap.com\/blog\/wp-content\/uploads\/2024\/05\/cta-blog-spanish-freelancermap-sign-up.png 1024w, https:\/\/www.freelancermap.com\/blog\/wp-content\/uploads\/2024\/05\/cta-blog-spanish-freelancermap-sign-up-300x87.png 300w, https:\/\/www.freelancermap.com\/blog\/wp-content\/uploads\/2024\/05\/cta-blog-spanish-freelancermap-sign-up-768x223.png 768w, https:\/\/www.freelancermap.com\/blog\/wp-content\/uploads\/2024\/05\/cta-blog-spanish-freelancermap-sign-up-720x209.png 720w, https:\/\/www.freelancermap.com\/blog\/wp-content\/uploads\/2024\/05\/cta-blog-spanish-freelancermap-sign-up-580x168.png 580w, https:\/\/www.freelancermap.com\/blog\/wp-content\/uploads\/2024\/05\/cta-blog-spanish-freelancermap-sign-up-320x93.png 320w\" data-sizes=\"(max-width: 1024px) 100vw, 1024px\" src=\"data:image\/svg+xml;base64,PHN2ZyB3aWR0aD0iMSIgaGVpZ2h0PSIxIiB4bWxucz0iaHR0cDovL3d3dy53My5vcmcvMjAwMC9zdmciPjwvc3ZnPg==\" style=\"--smush-placeholder-width: 1024px; --smush-placeholder-aspect-ratio: 1024\/297;\" \/><\/a><\/figure>\n","protected":false},"excerpt":{"rendered":"<p>El primer contacto con alguien nos dice en pocos segundos si alguien nos gusta o no. En el mundo online, tu foto de perfil es la encargada de formar esa primera impresi\u00f3n que otros tienen de ti. \u00bfTienes una buena foto? Desc\u00fabrelo.<\/p>\n","protected":false},"author":1,"featured_media":34814,"comment_status":"open","ping_status":"open","sticky":false,"template":"","format":"standard","meta":{"_kad_blocks_custom_css":"","_kad_blocks_head_custom_js":"","_kad_blocks_body_custom_js":"","_kad_blocks_footer_custom_js":"","footnotes":""},"categories":[3007],"tags":[3523,3451],"class_list":["post-33986","post","type-post","status-publish","format-standard","has-post-thumbnail","hentry","category-marketing-clientes","tag-conseguir-clientes","tag-herramientas-freelance"],"yoast_head":"<!-- This site is optimized with the Yoast SEO plugin v23.4 - https:\/\/yoast.com\/wordpress\/plugins\/seo\/ -->\n<title>Foto profesional de perfil: Consejos y Ejemplos para Freelancers<\/title>\n<meta name=\"description\" content=\"Tener una foto profesional en tu perfil freelancer te ayudar\u00e1 a conectar con clientes \u2713 Lo que no hay que hacer \u2713 Ejemplos\" \/>\n<meta name=\"robots\" content=\"index, follow, max-snippet:-1, max-image-preview:large, max-video-preview:-1\" \/>\n<link rel=\"canonical\" href=\"https:\/\/www.freelancermap.com\/blog\/es\/foto-profesional-perfil-freelance\/\" \/>\n<meta property=\"og:locale\" content=\"en_US\" \/>\n<meta property=\"og:type\" content=\"article\" \/>\n<meta property=\"og:title\" content=\"Foto profesional de perfil: Consejos y Ejemplos para Freelancers\" \/>\n<meta property=\"og:description\" content=\"Tener una foto profesional en tu perfil freelancer te ayudar\u00e1 a conectar con clientes \u2713 Lo que no hay que hacer \u2713 Ejemplos\" \/>\n<meta property=\"og:url\" content=\"https:\/\/www.freelancermap.com\/blog\/es\/foto-profesional-perfil-freelance\/\" \/>\n<meta property=\"og:site_name\" content=\"Freelancer Blog\" \/>\n<meta property=\"article:publisher\" content=\"https:\/\/www.facebook.com\/freelancermapInternational\/\" \/>\n<meta property=\"article:author\" content=\"https:\/\/www.facebook.com\/freelancermapInternational\/\" \/>\n<meta property=\"article:published_time\" content=\"2022-10-06T11:28:23+00:00\" \/>\n<meta property=\"article:modified_time\" content=\"2024-09-25T07:16:27+00:00\" \/>\n<meta property=\"og:image\" content=\"https:\/\/www.freelancermap.com\/blog\/wp-content\/uploads\/2022\/10\/foto-profesional-para-perfil-freelancer.png\" \/>\n\t<meta property=\"og:image:width\" content=\"1200\" \/>\n\t<meta property=\"og:image:height\" content=\"630\" \/>\n\t<meta property=\"og:image:type\" content=\"image\/png\" \/>\n<meta name=\"author\" content=\"Natalia Campana\" \/>\n<meta name=\"twitter:card\" content=\"summary_large_image\" \/>\n<meta name=\"twitter:creator\" content=\"@freelancer_INT\" \/>\n<meta name=\"twitter:site\" content=\"@freelancer_INT\" \/>\n<meta name=\"twitter:label1\" content=\"Written by\" \/>\n\t<meta name=\"twitter:data1\" content=\"Natalia Campana\" \/>\n\t<meta name=\"twitter:label2\" content=\"Est. reading time\" \/>\n\t<meta name=\"twitter:data2\" content=\"12 minutes\" \/>\n<script type=\"application\/ld+json\" class=\"yoast-schema-graph\">{\"@context\":\"https:\/\/schema.org\",\"@graph\":[{\"@type\":\"Article\",\"@id\":\"https:\/\/www.freelancermap.com\/blog\/es\/foto-profesional-perfil-freelance\/#article\",\"isPartOf\":{\"@id\":\"https:\/\/www.freelancermap.com\/blog\/es\/foto-profesional-perfil-freelance\/\"},\"author\":{\"name\":\"Natalia Campana\",\"@id\":\"https:\/\/www.freelancermap.com\/blog\/#\/schema\/person\/1c0c07efea89560f1cf644d58f321eb7\"},\"headline\":\"Foto de perfil profesional: Consejos y Ejemplos\",\"datePublished\":\"2022-10-06T11:28:23+00:00\",\"dateModified\":\"2024-09-25T07:16:27+00:00\",\"mainEntityOfPage\":{\"@id\":\"https:\/\/www.freelancermap.com\/blog\/es\/foto-profesional-perfil-freelance\/\"},\"wordCount\":2458,\"commentCount\":0,\"publisher\":{\"@id\":\"https:\/\/www.freelancermap.com\/blog\/#organization\"},\"image\":{\"@id\":\"https:\/\/www.freelancermap.com\/blog\/es\/foto-profesional-perfil-freelance\/#primaryimage\"},\"thumbnailUrl\":\"https:\/\/www.freelancermap.com\/blog\/wp-content\/uploads\/2022\/10\/foto-profesional-para-perfil-freelancer.png\",\"keywords\":[\"Conseguir clientes\",\"Herramientas freelance\"],\"articleSection\":[\"Marketing y Clientes\"],\"inLanguage\":\"en-US\",\"potentialAction\":[{\"@type\":\"CommentAction\",\"name\":\"Comment\",\"target\":[\"https:\/\/www.freelancermap.com\/blog\/es\/foto-profesional-perfil-freelance\/#respond\"]}]},{\"@type\":\"WebPage\",\"@id\":\"https:\/\/www.freelancermap.com\/blog\/es\/foto-profesional-perfil-freelance\/\",\"url\":\"https:\/\/www.freelancermap.com\/blog\/es\/foto-profesional-perfil-freelance\/\",\"name\":\"Foto profesional de perfil: Consejos y Ejemplos para Freelancers\",\"isPartOf\":{\"@id\":\"https:\/\/www.freelancermap.com\/blog\/#website\"},\"primaryImageOfPage\":{\"@id\":\"https:\/\/www.freelancermap.com\/blog\/es\/foto-profesional-perfil-freelance\/#primaryimage\"},\"image\":{\"@id\":\"https:\/\/www.freelancermap.com\/blog\/es\/foto-profesional-perfil-freelance\/#primaryimage\"},\"thumbnailUrl\":\"https:\/\/www.freelancermap.com\/blog\/wp-content\/uploads\/2022\/10\/foto-profesional-para-perfil-freelancer.png\",\"datePublished\":\"2022-10-06T11:28:23+00:00\",\"dateModified\":\"2024-09-25T07:16:27+00:00\",\"description\":\"Tener una foto profesional en tu perfil freelancer te ayudar\u00e1 a conectar con clientes \u2713 Lo que no hay que hacer \u2713 Ejemplos\",\"breadcrumb\":{\"@id\":\"https:\/\/www.freelancermap.com\/blog\/es\/foto-profesional-perfil-freelance\/#breadcrumb\"},\"inLanguage\":\"en-US\",\"potentialAction\":[{\"@type\":\"ReadAction\",\"target\":[\"https:\/\/www.freelancermap.com\/blog\/es\/foto-profesional-perfil-freelance\/\"]}]},{\"@type\":\"ImageObject\",\"inLanguage\":\"en-US\",\"@id\":\"https:\/\/www.freelancermap.com\/blog\/es\/foto-profesional-perfil-freelance\/#primaryimage\",\"url\":\"https:\/\/www.freelancermap.com\/blog\/wp-content\/uploads\/2022\/10\/foto-profesional-para-perfil-freelancer.png\",\"contentUrl\":\"https:\/\/www.freelancermap.com\/blog\/wp-content\/uploads\/2022\/10\/foto-profesional-para-perfil-freelancer.png\",\"width\":1200,\"height\":630},{\"@type\":\"BreadcrumbList\",\"@id\":\"https:\/\/www.freelancermap.com\/blog\/es\/foto-profesional-perfil-freelance\/#breadcrumb\",\"itemListElement\":[{\"@type\":\"ListItem\",\"position\":1,\"name\":\"Home\",\"item\":\"https:\/\/www.freelancermap.com\/blog\/\"},{\"@type\":\"ListItem\",\"position\":2,\"name\":\"Foto de perfil profesional: Consejos y Ejemplos\"}]},{\"@type\":\"WebSite\",\"@id\":\"https:\/\/www.freelancermap.com\/blog\/#website\",\"url\":\"https:\/\/www.freelancermap.com\/blog\/\",\"name\":\"Freelancer Blog\",\"description\":\"Tips &amp; Practical Advice for Freelancers and IT professionals\",\"publisher\":{\"@id\":\"https:\/\/www.freelancermap.com\/blog\/#organization\"},\"potentialAction\":[{\"@type\":\"SearchAction\",\"target\":{\"@type\":\"EntryPoint\",\"urlTemplate\":\"https:\/\/www.freelancermap.com\/blog\/?s={search_term_string}\"},\"query-input\":{\"@type\":\"PropertyValueSpecification\",\"valueRequired\":true,\"valueName\":\"search_term_string\"}}],\"inLanguage\":\"en-US\"},{\"@type\":\"Organization\",\"@id\":\"https:\/\/www.freelancermap.com\/blog\/#organization\",\"name\":\"freelancermap.com\",\"url\":\"https:\/\/www.freelancermap.com\/blog\/\",\"logo\":{\"@type\":\"ImageObject\",\"inLanguage\":\"en-US\",\"@id\":\"https:\/\/www.freelancermap.com\/blog\/#\/schema\/logo\/image\/\",\"url\":\"https:\/\/www.freelancermap.com\/blog\/wp-content\/uploads\/2025\/02\/freelancermap-black-logo@4x.png\",\"contentUrl\":\"https:\/\/www.freelancermap.com\/blog\/wp-content\/uploads\/2025\/02\/freelancermap-black-logo@4x.png\",\"width\":1044,\"height\":145,\"caption\":\"freelancermap.com\"},\"image\":{\"@id\":\"https:\/\/www.freelancermap.com\/blog\/#\/schema\/logo\/image\/\"},\"sameAs\":[\"https:\/\/www.facebook.com\/freelancermapInternational\/\",\"https:\/\/x.com\/freelancer_INT\",\"https:\/\/www.linkedin.com\/company\/freelancermap-gmbh\/\",\"https:\/\/www.instagram.com\/freelancermap_int\/\"]},{\"@type\":\"Person\",\"@id\":\"https:\/\/www.freelancermap.com\/blog\/#\/schema\/person\/1c0c07efea89560f1cf644d58f321eb7\",\"name\":\"Natalia Campana\",\"image\":{\"@type\":\"ImageObject\",\"inLanguage\":\"en-US\",\"@id\":\"https:\/\/www.freelancermap.com\/blog\/#\/schema\/person\/image\/\",\"url\":\"https:\/\/secure.gravatar.com\/avatar\/548d9330cdf84e13b1e5ce0bfd750c06?s=96&d=mm&r=g\",\"contentUrl\":\"https:\/\/secure.gravatar.com\/avatar\/548d9330cdf84e13b1e5ce0bfd750c06?s=96&d=mm&r=g\",\"caption\":\"Natalia Campana\"},\"description\":\"Natalia is part of the international team at freelancermap. She loves the digital world, social media and meeting different cultures. Before she moved to Germany and joined the freelancermap team she worked in the US, UK and her home country Spain. Now she focuses on helping freelancers and IT professionals to find jobs and clients worldwide at www.freelancermap.com\",\"sameAs\":[\"https:\/\/www.freelancermap.com\/\",\"https:\/\/www.facebook.com\/freelancermapInternational\/\",\"https:\/\/www.linkedin.com\/in\/natalia-campana\/\",\"https:\/\/x.com\/freelancer_INT\"],\"url\":\"https:\/\/www.freelancermap.com\/blog\/author\/natalia-campana\/\"}]}<\/script>\n<!-- \/ Yoast SEO plugin. -->","yoast_head_json":{"title":"Foto profesional de perfil: Consejos y Ejemplos para Freelancers","description":"Tener una foto profesional en tu perfil freelancer te ayudar\u00e1 a conectar con clientes \u2713 Lo que no hay que hacer \u2713 Ejemplos","robots":{"index":"index","follow":"follow","max-snippet":"max-snippet:-1","max-image-preview":"max-image-preview:large","max-video-preview":"max-video-preview:-1"},"canonical":"https:\/\/www.freelancermap.com\/blog\/es\/foto-profesional-perfil-freelance\/","og_locale":"en_US","og_type":"article","og_title":"Foto profesional de perfil: Consejos y Ejemplos para Freelancers","og_description":"Tener una foto profesional en tu perfil freelancer te ayudar\u00e1 a conectar con clientes \u2713 Lo que no hay que hacer \u2713 Ejemplos","og_url":"https:\/\/www.freelancermap.com\/blog\/es\/foto-profesional-perfil-freelance\/","og_site_name":"Freelancer Blog","article_publisher":"https:\/\/www.facebook.com\/freelancermapInternational\/","article_author":"https:\/\/www.facebook.com\/freelancermapInternational\/","article_published_time":"2022-10-06T11:28:23+00:00","article_modified_time":"2024-09-25T07:16:27+00:00","og_image":[{"width":1200,"height":630,"url":"https:\/\/www.freelancermap.com\/blog\/wp-content\/uploads\/2022\/10\/foto-profesional-para-perfil-freelancer.png","type":"image\/png"}],"author":"Natalia Campana","twitter_card":"summary_large_image","twitter_creator":"@freelancer_INT","twitter_site":"@freelancer_INT","twitter_misc":{"Written by":"Natalia Campana","Est. reading time":"12 minutes"},"schema":{"@context":"https:\/\/schema.org","@graph":[{"@type":"Article","@id":"https:\/\/www.freelancermap.com\/blog\/es\/foto-profesional-perfil-freelance\/#article","isPartOf":{"@id":"https:\/\/www.freelancermap.com\/blog\/es\/foto-profesional-perfil-freelance\/"},"author":{"name":"Natalia Campana","@id":"https:\/\/www.freelancermap.com\/blog\/#\/schema\/person\/1c0c07efea89560f1cf644d58f321eb7"},"headline":"Foto de perfil profesional: Consejos y Ejemplos","datePublished":"2022-10-06T11:28:23+00:00","dateModified":"2024-09-25T07:16:27+00:00","mainEntityOfPage":{"@id":"https:\/\/www.freelancermap.com\/blog\/es\/foto-profesional-perfil-freelance\/"},"wordCount":2458,"commentCount":0,"publisher":{"@id":"https:\/\/www.freelancermap.com\/blog\/#organization"},"image":{"@id":"https:\/\/www.freelancermap.com\/blog\/es\/foto-profesional-perfil-freelance\/#primaryimage"},"thumbnailUrl":"https:\/\/www.freelancermap.com\/blog\/wp-content\/uploads\/2022\/10\/foto-profesional-para-perfil-freelancer.png","keywords":["Conseguir clientes","Herramientas freelance"],"articleSection":["Marketing y Clientes"],"inLanguage":"en-US","potentialAction":[{"@type":"CommentAction","name":"Comment","target":["https:\/\/www.freelancermap.com\/blog\/es\/foto-profesional-perfil-freelance\/#respond"]}]},{"@type":"WebPage","@id":"https:\/\/www.freelancermap.com\/blog\/es\/foto-profesional-perfil-freelance\/","url":"https:\/\/www.freelancermap.com\/blog\/es\/foto-profesional-perfil-freelance\/","name":"Foto profesional de perfil: Consejos y Ejemplos para Freelancers","isPartOf":{"@id":"https:\/\/www.freelancermap.com\/blog\/#website"},"primaryImageOfPage":{"@id":"https:\/\/www.freelancermap.com\/blog\/es\/foto-profesional-perfil-freelance\/#primaryimage"},"image":{"@id":"https:\/\/www.freelancermap.com\/blog\/es\/foto-profesional-perfil-freelance\/#primaryimage"},"thumbnailUrl":"https:\/\/www.freelancermap.com\/blog\/wp-content\/uploads\/2022\/10\/foto-profesional-para-perfil-freelancer.png","datePublished":"2022-10-06T11:28:23+00:00","dateModified":"2024-09-25T07:16:27+00:00","description":"Tener una foto profesional en tu perfil freelancer te ayudar\u00e1 a conectar con clientes \u2713 Lo que no hay que hacer \u2713 Ejemplos","breadcrumb":{"@id":"https:\/\/www.freelancermap.com\/blog\/es\/foto-profesional-perfil-freelance\/#breadcrumb"},"inLanguage":"en-US","potentialAction":[{"@type":"ReadAction","target":["https:\/\/www.freelancermap.com\/blog\/es\/foto-profesional-perfil-freelance\/"]}]},{"@type":"ImageObject","inLanguage":"en-US","@id":"https:\/\/www.freelancermap.com\/blog\/es\/foto-profesional-perfil-freelance\/#primaryimage","url":"https:\/\/www.freelancermap.com\/blog\/wp-content\/uploads\/2022\/10\/foto-profesional-para-perfil-freelancer.png","contentUrl":"https:\/\/www.freelancermap.com\/blog\/wp-content\/uploads\/2022\/10\/foto-profesional-para-perfil-freelancer.png","width":1200,"height":630},{"@type":"BreadcrumbList","@id":"https:\/\/www.freelancermap.com\/blog\/es\/foto-profesional-perfil-freelance\/#breadcrumb","itemListElement":[{"@type":"ListItem","position":1,"name":"Home","item":"https:\/\/www.freelancermap.com\/blog\/"},{"@type":"ListItem","position":2,"name":"Foto de perfil profesional: Consejos y Ejemplos"}]},{"@type":"WebSite","@id":"https:\/\/www.freelancermap.com\/blog\/#website","url":"https:\/\/www.freelancermap.com\/blog\/","name":"Freelancer Blog","description":"Tips &amp; Practical Advice for Freelancers and IT professionals","publisher":{"@id":"https:\/\/www.freelancermap.com\/blog\/#organization"},"potentialAction":[{"@type":"SearchAction","target":{"@type":"EntryPoint","urlTemplate":"https:\/\/www.freelancermap.com\/blog\/?s={search_term_string}"},"query-input":{"@type":"PropertyValueSpecification","valueRequired":true,"valueName":"search_term_string"}}],"inLanguage":"en-US"},{"@type":"Organization","@id":"https:\/\/www.freelancermap.com\/blog\/#organization","name":"freelancermap.com","url":"https:\/\/www.freelancermap.com\/blog\/","logo":{"@type":"ImageObject","inLanguage":"en-US","@id":"https:\/\/www.freelancermap.com\/blog\/#\/schema\/logo\/image\/","url":"https:\/\/www.freelancermap.com\/blog\/wp-content\/uploads\/2025\/02\/freelancermap-black-logo@4x.png","contentUrl":"https:\/\/www.freelancermap.com\/blog\/wp-content\/uploads\/2025\/02\/freelancermap-black-logo@4x.png","width":1044,"height":145,"caption":"freelancermap.com"},"image":{"@id":"https:\/\/www.freelancermap.com\/blog\/#\/schema\/logo\/image\/"},"sameAs":["https:\/\/www.facebook.com\/freelancermapInternational\/","https:\/\/x.com\/freelancer_INT","https:\/\/www.linkedin.com\/company\/freelancermap-gmbh\/","https:\/\/www.instagram.com\/freelancermap_int\/"]},{"@type":"Person","@id":"https:\/\/www.freelancermap.com\/blog\/#\/schema\/person\/1c0c07efea89560f1cf644d58f321eb7","name":"Natalia Campana","image":{"@type":"ImageObject","inLanguage":"en-US","@id":"https:\/\/www.freelancermap.com\/blog\/#\/schema\/person\/image\/","url":"https:\/\/secure.gravatar.com\/avatar\/548d9330cdf84e13b1e5ce0bfd750c06?s=96&d=mm&r=g","contentUrl":"https:\/\/secure.gravatar.com\/avatar\/548d9330cdf84e13b1e5ce0bfd750c06?s=96&d=mm&r=g","caption":"Natalia Campana"},"description":"Natalia is part of the international team at freelancermap. She loves the digital world, social media and meeting different cultures. Before she moved to Germany and joined the freelancermap team she worked in the US, UK and her home country Spain. Now she focuses on helping freelancers and IT professionals to find jobs and clients worldwide at www.freelancermap.com","sameAs":["https:\/\/www.freelancermap.com\/","https:\/\/www.facebook.com\/freelancermapInternational\/","https:\/\/www.linkedin.com\/in\/natalia-campana\/","https:\/\/x.com\/freelancer_INT"],"url":"https:\/\/www.freelancermap.com\/blog\/author\/natalia-campana\/"}]}},"taxonomy_info":{"category":[{"value":3007,"label":"Marketing y Clientes"}],"post_tag":[{"value":3523,"label":"Conseguir clientes"},{"value":3451,"label":"Herramientas freelance"}]},"featured_image_src_large":["https:\/\/www.freelancermap.com\/blog\/wp-content\/uploads\/2022\/10\/foto-profesional-para-perfil-freelancer-1024x538.png",720,378,true],"author_info":{"display_name":"Natalia Campana","author_link":"https:\/\/www.freelancermap.com\/blog\/author\/natalia-campana\/"},"comment_info":0,"category_info":[{"term_id":3007,"name":"Marketing y Clientes","slug":"marketing-clientes","term_group":0,"term_taxonomy_id":3007,"taxonomy":"category","description":"","parent":0,"count":47,"filter":"raw","cat_ID":3007,"category_count":47,"category_description":"","cat_name":"Marketing y Clientes","category_nicename":"marketing-clientes","category_parent":0}],"tag_info":[{"term_id":3523,"name":"Conseguir clientes","slug":"conseguir-clientes","term_group":0,"term_taxonomy_id":3523,"taxonomy":"post_tag","description":"","parent":0,"count":17,"filter":"raw"},{"term_id":3451,"name":"Herramientas freelance","slug":"herramientas-freelance","term_group":0,"term_taxonomy_id":3451,"taxonomy":"post_tag","description":"","parent":0,"count":3,"filter":"raw"}],"_links":{"self":[{"href":"https:\/\/www.freelancermap.com\/blog\/wp-json\/wp\/v2\/posts\/33986"}],"collection":[{"href":"https:\/\/www.freelancermap.com\/blog\/wp-json\/wp\/v2\/posts"}],"about":[{"href":"https:\/\/www.freelancermap.com\/blog\/wp-json\/wp\/v2\/types\/post"}],"author":[{"embeddable":true,"href":"https:\/\/www.freelancermap.com\/blog\/wp-json\/wp\/v2\/users\/1"}],"replies":[{"embeddable":true,"href":"https:\/\/www.freelancermap.com\/blog\/wp-json\/wp\/v2\/comments?post=33986"}],"version-history":[{"count":10,"href":"https:\/\/www.freelancermap.com\/blog\/wp-json\/wp\/v2\/posts\/33986\/revisions"}],"predecessor-version":[{"id":44345,"href":"https:\/\/www.freelancermap.com\/blog\/wp-json\/wp\/v2\/posts\/33986\/revisions\/44345"}],"wp:featuredmedia":[{"embeddable":true,"href":"https:\/\/www.freelancermap.com\/blog\/wp-json\/wp\/v2\/media\/34814"}],"wp:attachment":[{"href":"https:\/\/www.freelancermap.com\/blog\/wp-json\/wp\/v2\/media?parent=33986"}],"wp:term":[{"taxonomy":"category","embeddable":true,"href":"https:\/\/www.freelancermap.com\/blog\/wp-json\/wp\/v2\/categories?post=33986"},{"taxonomy":"post_tag","embeddable":true,"href":"https:\/\/www.freelancermap.com\/blog\/wp-json\/wp\/v2\/tags?post=33986"}],"curies":[{"name":"wp","href":"https:\/\/api.w.org\/{rel}","templated":true}]}}